{"id":298,"date":"2019-07-19T13:27:12","date_gmt":"2019-07-19T11:27:12","guid":{"rendered":"http:\/\/www.paolacairo.eu\/web\/?p=298"},"modified":"2019-07-19T13:27:12","modified_gmt":"2019-07-19T11:27:12","slug":"detenuti-italiani-allestero-lussemburgo-13-persone-carcere","status":"publish","type":"post","link":"http:\/\/www.paolacairo.eu\/web\/detenuti-italiani-allestero-lussemburgo-13-persone-carcere\/","title":{"rendered":"Detenuti italiani all\u2019estero, in Lussemburgo 13 persone in carcere"},"content":{"rendered":"<p><a href=\"http:\/\/www.paolacairo.eu\/web\/wp-content\/uploads\/2019\/07\/prigione1.jpg\"><img loading=\"lazy\" class=\"size-medium wp-image-299 aligncenter\" src=\"http:\/\/www.paolacairo.eu\/web\/wp-content\/uploads\/2019\/07\/prigione1-300x150.jpg\" alt=\"prigione1\" width=\"300\" height=\"150\" srcset=\"http:\/\/www.paolacairo.eu\/web\/wp-content\/uploads\/2019\/07\/prigione1-300x150.jpg 300w, http:\/\/www.paolacairo.eu\/web\/wp-content\/uploads\/2019\/07\/prigione1-768x384.jpg 768w, http:\/\/www.paolacairo.eu\/web\/wp-content\/uploads\/2019\/07\/prigione1-1024x512.jpg 1024w, http:\/\/www.paolacairo.eu\/web\/wp-content\/uploads\/2019\/07\/prigione1-730x365.jpg 730w, http:\/\/www.paolacairo.eu\/web\/wp-content\/uploads\/2019\/07\/prigione1-1920x960.jpg 1920w, http:\/\/www.paolacairo.eu\/web\/wp-content\/uploads\/2019\/07\/prigione1-1260x630.jpg 1260w, http:\/\/www.paolacairo.eu\/web\/wp-content\/uploads\/2019\/07\/prigione1-960x480.jpg 960w, http:\/\/www.paolacairo.eu\/web\/wp-content\/uploads\/2019\/07\/prigione1-400x200.jpg 400w, http:\/\/www.paolacairo.eu\/web\/wp-content\/uploads\/2019\/07\/prigione1.jpg 2000w\" sizes=\"(max-width: 300px) 100vw, 300px\" \/><\/a><\/p>\n<p><strong>Secondo gli ultimi dati della Farnesina (per l\u2019anno 2017) i cittadini italiani detenuti all\u2019estero erano 3.288, di cui 687 con\u00addan\u00adna\u00adti, 2.576 in at\u00adte\u00adsa di giu\u00addi\u00adzio e 34 in at\u00adte\u00adsa\u00a0di\u00a0estra\u00addi\u00adzio\u00adne. <\/strong><\/p>\n<p>Condannati a morte (come l\u2019imprenditore abruzzese Denis Cavatassi in Thailandia) o addirittura morti in carcere con gravi lesioni al cranio (come il ricercatore Claudio nelle carceri del Quebec), oltre tremila dei nostri connazionali vivono esperienze spesso estreme nelle carceri estere. In Europa, la Germania detiene il maggior numero di detenuti italiani, 1280; seguita dalla Francia 303 e dalla Spagna 254. Il numero piu basso (1)\u00a0 in Bulgaria, Islanda, Slovenia. In Lussemburgo sono detenute 13 persone di cui 6 in attesa di giudizio e 7 condannate (Fonte: Esteri, 2017).<\/p>\n<p>Tra questi c\u2019era (fino a poco pi\u00f9 di un mese fa)<strong> N. Camillo C., commerciante salernitano molto conosciuto\u00a0 nell\u2019ambiente della ristorazione<\/strong>, che si \u00e8 trovato immischiato in una storia di violenza. Camillo nel 2005 gestiva per conto terzi un ristorante di fronte al palazzo granducale e, accusato di violenza sessuale da una delle cameriere si \u00e8 ritrovato a Schrassig (uno dei carceri del Lussemburgo) condannato a scontare 7 anni. Senza prove concrete e con la sola testimonianza della donna, italiana anche lei. Nella sua vicenda ci sono delle chiare anomalie: la pi\u00f9 grave tra tutte quella che l\u2019imputato, in Corte d\u2019Appello, si\u00a0 \u00e8 dovuto difendere da solo perch\u00e8 l\u2019avvocato che era stato da lui nominato si \u00e8 ritirato e non gli \u00e8 stato affidato l\u2019avvocato d\u2019ufficio (contro l\u2019art. 4 della Convenzione dei diritti umani). Camillo sostiene di non aver mai commesso atti di violenza contro quella persona e che il giorno in cui la vittima dice di essere stata violentata lui non era nemmeno presente nel ristorante, essendo il suo giorno libero.<\/p>\n<p>Secondo il suo ragionamento un processo senza difesa, le false testimonianze\u00a0 sul suo conto\u00a0 e la sparizione di elementi di prova avrebbero dovuto far annullare il processo. Neanche il test del DNA, al quale l\u2019imputato aveva dato disponibilit\u00e0 \u00e8 stato mai realizzato, anzi, \u00a0i pantaloni della vittima \u2013 \u00a0\u00a0che potevano essere la prova della sua innocenza \u2013 sono spariti in commissariato. Camillo accetta la sentenza\u00a0 della Cassazione e a met\u00e0\u00a0 pena chiede la condizionale (prevista dall\u2019art. 100 del codice penale) per buona condotta. Partecipa ai corsi di reinserimento sociale interni al carcere, paga le spese processuali, ottiene una promessa di un contratto di lavoro che serve per ottenere la semi libert\u00e0 ma il giudice non gliela concede. Non pu\u00f2 uscire per partecipare al funerale della sua ex moglie, non pu\u00f2 uscire per il battesimo del nipote, non pu\u00f2 uscire per problemi di salute perch\u00e8 considerato a rischio fuga. Decisioni che contrastano con il diritto alle relazioni familiari e affettive proprie della Costituzione italiana che in Lussemburgo chi di dovere ha soprasseduto. <strong>Colpevole o innocente? Lo ha gi\u00e0 stabilito la legge. <\/strong><\/p>\n<p>Quello che Camillo denuncia sono i suoi diritti che gli sono stati negati dall\u2019autorit\u00e0 giudiziaria e carceriaria lussemburghese in merito alla libera uscita, la riduzione della pena per buona condotta, la libert\u00e0 condizionale.<\/p>\n<p>L&#8217;articolo e l&#8217;intervista al signor\u00a0<strong>\u00a0N. Camillo C.\u00a0<\/strong>sono stati pubblicati su PassaParola Mag, no. 7\/8 (Luglio\/Agosto) 2019<\/p>\n","protected":false},"excerpt":{"rendered":"<p>Secondo gli ultimi dati della Farnesina (per l\u2019anno 2017) i cittadini italiani detenuti all\u2019estero erano 3.288, di cui 687 con\u00addan\u00adna\u00adti, 2.576 in at\u00adte\u00adsa di giu\u00addi\u00adzio e 34 in at\u00adte\u00adsa\u00a0di\u00a0estra\u00addi\u00adzio\u00adne. Condannati a morte (come l\u2019imprenditore abruzzese Denis Cavatassi in Thailandia) o addirittura morti in carcere con gravi lesioni al cranio (come il ricercatore Claudio nelle carceri&#8230;<\/p>\n","protected":false},"author":2,"featured_media":0,"comment_status":"closed","ping_status":"closed","sticky":false,"template":"","format":"standard","meta":[],"categories":[3],"tags":[],"yoast_head":"<!-- This site is optimized with the Yoast SEO plugin v14.9 - https:\/\/yoast.com\/wordpress\/plugins\/seo\/ -->\n<meta name=\"robots\" content=\"index, follow, max-snippet:-1, max-image-preview:large, max-video-preview:-1\" \/>\n<link rel=\"canonical\" href=\"http:\/\/www.paolacairo.eu\/web\/detenuti-italiani-allestero-lussemburgo-13-persone-carcere\/\" \/>\n<meta property=\"og:locale\" content=\"it_IT\" \/>\n<meta property=\"og:type\" content=\"article\" \/>\n<meta property=\"og:title\" content=\"Detenuti italiani all\u2019estero, in Lussemburgo 13 persone in carcere - Paola Cairo\" \/>\n<meta property=\"og:description\" content=\"Secondo gli ultimi dati della Farnesina (per l\u2019anno 2017) i cittadini italiani detenuti all\u2019estero erano 3.288, di cui 687 con\u00addan\u00adna\u00adti, 2.576 in at\u00adte\u00adsa di giu\u00addi\u00adzio e 34 in at\u00adte\u00adsa\u00a0di\u00a0estra\u00addi\u00adzio\u00adne. Condannati a morte (come l\u2019imprenditore abruzzese Denis Cavatassi in Thailandia) o addirittura morti in carcere con gravi lesioni al cranio (come il ricercatore Claudio nelle carceri&#8230;\" \/>\n<meta property=\"og:url\" content=\"http:\/\/www.paolacairo.eu\/web\/detenuti-italiani-allestero-lussemburgo-13-persone-carcere\/\" \/>\n<meta property=\"og:site_name\" content=\"Paola Cairo\" \/>\n<meta property=\"article:published_time\" content=\"2019-07-19T11:27:12+00:00\" \/>\n<meta property=\"og:image\" content=\"http:\/\/www.paolacairo.eu\/web\/wp-content\/uploads\/2019\/07\/prigione1-300x150.jpg\" \/>\n<meta name=\"twitter:card\" content=\"summary\" \/>\n<script type=\"application\/ld+json\" class=\"yoast-schema-graph\">{\"@context\":\"https:\/\/schema.org\",\"@graph\":[{\"@type\":\"WebSite\",\"@id\":\"http:\/\/www.paolacairo.eu\/web\/#website\",\"url\":\"http:\/\/www.paolacairo.eu\/web\/\",\"name\":\"Paola Cairo\",\"description\":\"giornalista e conduttrice radiofonica\",\"potentialAction\":[{\"@type\":\"SearchAction\",\"target\":\"http:\/\/www.paolacairo.eu\/web\/?s={search_term_string}\",\"query-input\":\"required name=search_term_string\"}],\"inLanguage\":\"it-IT\"},{\"@type\":\"ImageObject\",\"@id\":\"http:\/\/www.paolacairo.eu\/web\/detenuti-italiani-allestero-lussemburgo-13-persone-carcere\/#primaryimage\",\"inLanguage\":\"it-IT\",\"url\":\"http:\/\/www.paolacairo.eu\/web\/wp-content\/uploads\/2019\/07\/prigione1.jpg\",\"width\":2000,\"height\":1000},{\"@type\":\"WebPage\",\"@id\":\"http:\/\/www.paolacairo.eu\/web\/detenuti-italiani-allestero-lussemburgo-13-persone-carcere\/#webpage\",\"url\":\"http:\/\/www.paolacairo.eu\/web\/detenuti-italiani-allestero-lussemburgo-13-persone-carcere\/\",\"name\":\"Detenuti italiani all\\u2019estero, in Lussemburgo 13 persone in carcere - Paola Cairo\",\"isPartOf\":{\"@id\":\"http:\/\/www.paolacairo.eu\/web\/#website\"},\"primaryImageOfPage\":{\"@id\":\"http:\/\/www.paolacairo.eu\/web\/detenuti-italiani-allestero-lussemburgo-13-persone-carcere\/#primaryimage\"},\"datePublished\":\"2019-07-19T11:27:12+00:00\",\"dateModified\":\"2019-07-19T11:27:12+00:00\",\"author\":{\"@id\":\"http:\/\/www.paolacairo.eu\/web\/#\/schema\/person\/5d742cc3180df56b355c0a6696de6c2a\"},\"inLanguage\":\"it-IT\",\"potentialAction\":[{\"@type\":\"ReadAction\",\"target\":[\"http:\/\/www.paolacairo.eu\/web\/detenuti-italiani-allestero-lussemburgo-13-persone-carcere\/\"]}]},{\"@type\":\"Person\",\"@id\":\"http:\/\/www.paolacairo.eu\/web\/#\/schema\/person\/5d742cc3180df56b355c0a6696de6c2a\",\"name\":\"paola\"}]}<\/script>\n<!-- \/ Yoast SEO plugin. -->","_links":{"self":[{"href":"http:\/\/www.paolacairo.eu\/web\/wp-json\/wp\/v2\/posts\/298"}],"collection":[{"href":"http:\/\/www.paolacairo.eu\/web\/wp-json\/wp\/v2\/posts"}],"about":[{"href":"http:\/\/www.paolacairo.eu\/web\/wp-json\/wp\/v2\/types\/post"}],"author":[{"embeddable":true,"href":"http:\/\/www.paolacairo.eu\/web\/wp-json\/wp\/v2\/users\/2"}],"replies":[{"embeddable":true,"href":"http:\/\/www.paolacairo.eu\/web\/wp-json\/wp\/v2\/comments?post=298"}],"version-history":[{"count":1,"href":"http:\/\/www.paolacairo.eu\/web\/wp-json\/wp\/v2\/posts\/298\/revisions"}],"predecessor-version":[{"id":300,"href":"http:\/\/www.paolacairo.eu\/web\/wp-json\/wp\/v2\/posts\/298\/revisions\/300"}],"wp:attachment":[{"href":"http:\/\/www.paolacairo.eu\/web\/wp-json\/wp\/v2\/media?parent=298"}],"wp:term":[{"taxonomy":"category","embeddable":true,"href":"http:\/\/www.paolacairo.eu\/web\/wp-json\/wp\/v2\/categories?post=298"},{"taxonomy":"post_tag","embeddable":true,"href":"http:\/\/www.paolacairo.eu\/web\/wp-json\/wp\/v2\/tags?post=298"}],"curies":[{"name":"wp","href":"https:\/\/api.w.org\/{rel}","templated":true}]}}