{"id":140,"date":"2015-03-15T17:50:02","date_gmt":"2015-03-15T15:50:02","guid":{"rendered":"http:\/\/www.paolacairo.eu\/web\/?p=140"},"modified":"2016-08-17T16:17:44","modified_gmt":"2016-08-17T14:17:44","slug":"gabriele-del-grande-presenta-io-sto-con-la-sposa-intervista","status":"publish","type":"post","link":"http:\/\/www.paolacairo.eu\/web\/gabriele-del-grande-presenta-io-sto-con-la-sposa-intervista\/","title":{"rendered":"Gabriele del Grande presenta &#8220;Io sto con la sposa&#8221;"},"content":{"rendered":"<p>Non \u00e8 iscritto all\u2019Ordine dei giornalisti\u00a0 ma il giornalismo ce l\u2019ha nel sangue. Intervista a Gabriele Del Grande, giornalista, autore, sceneggiatore e regista (con <a href=\"http:\/\/it.wikipedia.org\/w\/index.php?title=Antonio_Augugliaro&amp;action=edit&amp;redlink=1\">Antonio Augugliaro<\/a>\u00a0e <a href=\"http:\/\/it.wikipedia.org\/w\/index.php?title=Khaled_Soliman_Al_Nassiry&amp;action=edit&amp;redlink=1\">Khaled Soliman Al Nassiry<\/a>) di <strong>Io sto con la sposa<\/strong>, il finto corteo nuziale che ha beffato la Fortezza Europa, divenuto un film documentario grazie a un crowdfunding da record.<\/p>\n<p><!--more--><\/p>\n<p>Per\u00a0<a href=\"http:\/\/www.infinitoedizioni.it\/\">Infinito edizioni<\/a>\u00a0ha pubblicato i libri\u00a0<a href=\"http:\/\/fortresseurope.blogspot.com\/2006\/01\/mamadou-va-morire-la-strage-dei.html\">Mamadou va a morire<\/a>\u00a0(2007, premio\u00a0<a href=\"http:\/\/www.youtube.com\/watch?v=vW6ox1cHfxM\">Santa Marinella<\/a>) tradotto in\u00a0<a href=\"http:\/\/orienteymediterraneo.blogspot.com\/2008\/08\/gabriele-del-grande-mamad-va-morir-la.html\">spagnolo\u00a0<\/a>e\u00a0<a href=\"http:\/\/www.vonloeper.de\/mamadou\/\">tedesco<\/a>, \u00a0<a href=\"http:\/\/fortresseurope.blogspot.com\/2010\/03\/il-mare-di-mezzo.html\">Il mare di mezzo<\/a>\u00a0(2010, premi\u00a0<a href=\"http:\/\/www.archiviodisarmo.it\/siti\/sito_archiviodisarmo\/upload\/documenti\/6812_Comunicato_PremioArchivioDisarmo_XXVI_Sito.pdf\">Colomba d&#8217;oro<\/a>,\u00a0<a href=\"http:\/\/www.proasyl.de\/de\/ueber-uns\/stiftung\/preistraeger\/preistraeger-2010\/\">Pro Asyl Hand<\/a>,\u00a0<a href=\"http:\/\/www.uisp.it\/nazionale\/index.php?contentId=1747\">Uisp Mandela<\/a>\u00a0e<a href=\"http:\/\/www.associazioneivanbonfanti.org\/?p=68\">Ivan Bonfanti<\/a>) tradotto in\u00a0<a href=\"http:\/\/www.vonloeper.de\/delGrande\/\">tedesco<\/a>\u00a0e in\u00a0<a href=\"http:\/\/www.editorialpopular.com\/Libro\/Quemar-la-frontera-ISBN-978-84-7884-528-6-CODIGO-SOC,000017\">spagnolo<\/a> e\u00a0<a href=\"http:\/\/romasenzafissadimora.blogspot.com\/\">Roma senza fissa dimora<\/a>\u00a0(2009). Ha collaborato alla redazione del libro\u00a0<a href=\"http:\/\/www.infinitoedizioni.it\/prodotto.php?tid=75\">Come un uomo sulla terra<\/a>\u00a0(2009)\u00a0diventato poi un film con la regia di Andrea Segre. Gabriele \u00e8 conosciuto perch\u00e8 prepara reportage e inchieste che la maggior parte delle volte vende all\u2019estero. Dopo aver viaggiato in lungo e in largo per il Mediterraneo \u201calla ricerca delle storie che fanno la storia\u201d ci racconta come un film documentario sia destinato ad essere anche un\u2019azione politica.<\/p>\n<p><strong>Da anni con il tuo blog<\/strong> <strong><a href=\"http:\/\/fortresseurope.blogspot.com\/\" target=\"_blank\">FORTRESSE EUROPE<\/a><\/strong> <strong>\u00a0raccogli numeri e nomi per dare un volto ai migranti che muoiono nel Mediterraneo. Com&#8217;\u00e8 nato e perch\u00e8 \u00e8 diventato cos\u00ec importante nel tempo?<\/strong><\/p>\n<p>Il blog nacque senza grandi ambizioni. Era l&#8217;inverno del 2005 e stavo facendo la gavetta in un&#8217;agenzia stampa a Roma. Proposi in redazione un pezzo di approfondimento sui precedenti dei naufragi nel Canale di Sicilia. E pochi giorni dopo decisi di condividere il materiale del mio archivio su un blog. Mi sembrava il modo pi\u00f9 immediato per far circolare quei dati. Col tempo, ai numeri ho affiancato le storie, viaggiando in lungo e in largo per il Mediterraneo, da ormai dieci anni.<\/p>\n<p>Il blog \u00e8 diventato presto un punto di riferimento perch\u00e9 era l&#8217;unica fonte disponibile online che tenesse conto delle stragi lungo le rotte dell&#8217;immigrazione nel Mediterraneo.<\/p>\n<p><iframe src=\"https:\/\/www.youtube.com\/embed\/snLkbGiMc94?rel=0&amp;controls=0&amp;showinfo=0\" width=\"640\" height=\"360\" frameborder=\"0\" allowfullscreen=\"allowfullscreen\"><\/iframe><\/p>\n<p><strong>&#8220;Io sto con la sposa&#8221;, una sfida vinta e un viaggio reale per aiutare siriani alla ricerca di una vita migliore. Quale \u00e8 stata l&#8217;emozione pi\u00f9 bella che ti ha dato questo film?<\/strong><\/p>\n<p>Troppo difficile fare la classifica. Il viaggio \u00e8 stato una lavatrice di emozioni. La paura prima di ogni frontiera e il sollievo subito dopo, il dolore per i racconti della guerra e del mare e la gioia liberatoria di ogni sera dai nostri ospiti. Forse la sola parola che tiene tutto insieme \u00e8: &#8220;sogno&#8221;. Abbiamo avuto un sogno, di unire le genti delle due rive con il velo bianco della sposa. <strong>Ci abbiamo creduto. E da allora non abbiamo ancora riaperto gli occhi&#8230;<\/strong> Voglio dire che non soltanto il viaggio \u00e8 andato bene, ma anche tutta la storia di come siamo riusciti a produrre il film dal basso con il crowdfunding e di come siamo riusciti a portarlo alla Mostra del Cinema di Venezia e da l\u00ec nelle sale di tutta Italia e adesso di tutto il mondo&#8230; \u00e8 semplicemente straordinario!<\/p>\n<p><strong>Sei un &#8220;cane sciolto&#8221;, hai imparato l&#8217;arabo, parti spesso per i teatri di guerra, sei stato 5 volte in Siria. Perch\u00e8 il giornalismo italiano \u00e8 cos\u00ec poco riconoscente verso il lavoro dei freelance?<\/strong><\/p>\n<p>Forse la persona meno indicata per rispondere. Forse dovresti chiedere ai canuti caporedattori che in questi anni mi hanno sempre detto di no, che la gente non era interessata alla Siria, n\u00e9 tantomeno alle migrazioni. Forse dovresti chiedere ai film <em>commissioner<\/em> che ci dicevano che &#8220;Io sto con la sposa&#8221; non poteva funzionare e che sarebbe stato un fiasco. E magari chiederglielo adesso che il film \u00e8 ancora in sala, da 20 settimane, con 100mila spettatori in 250 citt\u00e0 italiane e dieci Paesi esteri. Fra l&#8217;altro proprio con una storia che parla di Siria e di immigrazione. Io posso solo dirti che l&#8217;Italia non \u00e8 un paese per giovani e pi\u00f9 in generale per idee fresche e brillanti. <strong>Questo \u00e8 un paese vecchio e conservatore, che preferisce riscaldare il brodo anzich\u00e9 sperimentare. Ma per fortuna non \u00e8 tutto cos\u00ec.<\/strong> E la dimostrazione pi\u00f9 bella \u00e8 la risposta del pubblico. Lo abbiamo visto per l&#8217;ennesima volta con i risultati straordinari di pubblico che ha avuto il film.<\/p>\n<p>&nbsp;<\/p>\n<p>&nbsp;<\/p>\n","protected":false},"excerpt":{"rendered":"<p>Non \u00e8 iscritto all\u2019Ordine dei giornalisti\u00a0 ma il giornalismo ce l\u2019ha nel sangue. Intervista a Gabriele Del Grande, giornalista, autore, sceneggiatore e regista (con Antonio Augugliaro\u00a0e Khaled Soliman Al Nassiry) di Io sto con la sposa, il finto corteo nuziale che ha beffato la Fortezza Europa, divenuto un film documentario grazie a un crowdfunding da&#8230;<\/p>\n","protected":false},"author":2,"featured_media":254,"comment_status":"open","ping_status":"closed","sticky":false,"template":"","format":"standard","meta":[],"categories":[12],"tags":[59,58,57,61,60,19],"yoast_head":"<!-- This site is optimized with the Yoast SEO plugin v14.9 - https:\/\/yoast.com\/wordpress\/plugins\/seo\/ -->\n<meta name=\"robots\" content=\"index, follow, max-snippet:-1, max-image-preview:large, max-video-preview:-1\" \/>\n<link rel=\"canonical\" href=\"http:\/\/www.paolacairo.eu\/web\/gabriele-del-grande-presenta-io-sto-con-la-sposa-intervista\/\" \/>\n<meta property=\"og:locale\" content=\"it_IT\" \/>\n<meta property=\"og:type\" content=\"article\" \/>\n<meta property=\"og:title\" content=\"Gabriele del Grande presenta &quot;Io sto con la sposa&quot; - Paola Cairo\" \/>\n<meta property=\"og:description\" content=\"Non \u00e8 iscritto all\u2019Ordine dei giornalisti\u00a0 ma il giornalismo ce l\u2019ha nel sangue. Intervista a Gabriele Del Grande, giornalista, autore, sceneggiatore e regista (con Antonio Augugliaro\u00a0e Khaled Soliman Al Nassiry) di Io sto con la sposa, il finto corteo nuziale che ha beffato la Fortezza Europa, divenuto un film documentario grazie a un crowdfunding da&#8230;\" \/>\n<meta property=\"og:url\" content=\"http:\/\/www.paolacairo.eu\/web\/gabriele-del-grande-presenta-io-sto-con-la-sposa-intervista\/\" \/>\n<meta property=\"og:site_name\" content=\"Paola Cairo\" \/>\n<meta property=\"article:published_time\" content=\"2015-03-15T15:50:02+00:00\" \/>\n<meta property=\"article:modified_time\" content=\"2016-08-17T14:17:44+00:00\" \/>\n<meta property=\"og:image\" content=\"http:\/\/www.paolacairo.eu\/web\/wp-content\/uploads\/2015\/03\/io_sto_con_la_sposa_IMG_3288.jpg\" \/>\n\t<meta property=\"og:image:width\" content=\"1053\" \/>\n\t<meta property=\"og:image:height\" content=\"702\" \/>\n<meta name=\"twitter:card\" content=\"summary\" \/>\n<script type=\"application\/ld+json\" class=\"yoast-schema-graph\">{\"@context\":\"https:\/\/schema.org\",\"@graph\":[{\"@type\":\"WebSite\",\"@id\":\"http:\/\/www.paolacairo.eu\/web\/#website\",\"url\":\"http:\/\/www.paolacairo.eu\/web\/\",\"name\":\"Paola Cairo\",\"description\":\"giornalista e conduttrice radiofonica\",\"potentialAction\":[{\"@type\":\"SearchAction\",\"target\":\"http:\/\/www.paolacairo.eu\/web\/?s={search_term_string}\",\"query-input\":\"required name=search_term_string\"}],\"inLanguage\":\"it-IT\"},{\"@type\":\"ImageObject\",\"@id\":\"http:\/\/www.paolacairo.eu\/web\/gabriele-del-grande-presenta-io-sto-con-la-sposa-intervista\/#primaryimage\",\"inLanguage\":\"it-IT\",\"url\":\"http:\/\/www.paolacairo.eu\/web\/wp-content\/uploads\/2015\/03\/io_sto_con_la_sposa_IMG_3288.jpg\",\"width\":1053,\"height\":702},{\"@type\":\"WebPage\",\"@id\":\"http:\/\/www.paolacairo.eu\/web\/gabriele-del-grande-presenta-io-sto-con-la-sposa-intervista\/#webpage\",\"url\":\"http:\/\/www.paolacairo.eu\/web\/gabriele-del-grande-presenta-io-sto-con-la-sposa-intervista\/\",\"name\":\"Gabriele del Grande presenta \\\"Io sto con la sposa\\\" - Paola Cairo\",\"isPartOf\":{\"@id\":\"http:\/\/www.paolacairo.eu\/web\/#website\"},\"primaryImageOfPage\":{\"@id\":\"http:\/\/www.paolacairo.eu\/web\/gabriele-del-grande-presenta-io-sto-con-la-sposa-intervista\/#primaryimage\"},\"datePublished\":\"2015-03-15T15:50:02+00:00\",\"dateModified\":\"2016-08-17T14:17:44+00:00\",\"author\":{\"@id\":\"http:\/\/www.paolacairo.eu\/web\/#\/schema\/person\/5d742cc3180df56b355c0a6696de6c2a\"},\"inLanguage\":\"it-IT\",\"potentialAction\":[{\"@type\":\"ReadAction\",\"target\":[\"http:\/\/www.paolacairo.eu\/web\/gabriele-del-grande-presenta-io-sto-con-la-sposa-intervista\/\"]}]},{\"@type\":\"Person\",\"@id\":\"http:\/\/www.paolacairo.eu\/web\/#\/schema\/person\/5d742cc3180df56b355c0a6696de6c2a\",\"name\":\"paola\"}]}<\/script>\n<!-- \/ Yoast SEO plugin. -->","_links":{"self":[{"href":"http:\/\/www.paolacairo.eu\/web\/wp-json\/wp\/v2\/posts\/140"}],"collection":[{"href":"http:\/\/www.paolacairo.eu\/web\/wp-json\/wp\/v2\/posts"}],"about":[{"href":"http:\/\/www.paolacairo.eu\/web\/wp-json\/wp\/v2\/types\/post"}],"author":[{"embeddable":true,"href":"http:\/\/www.paolacairo.eu\/web\/wp-json\/wp\/v2\/users\/2"}],"replies":[{"embeddable":true,"href":"http:\/\/www.paolacairo.eu\/web\/wp-json\/wp\/v2\/comments?post=140"}],"version-history":[{"count":11,"href":"http:\/\/www.paolacairo.eu\/web\/wp-json\/wp\/v2\/posts\/140\/revisions"}],"predecessor-version":[{"id":263,"href":"http:\/\/www.paolacairo.eu\/web\/wp-json\/wp\/v2\/posts\/140\/revisions\/263"}],"wp:featuredmedia":[{"embeddable":true,"href":"http:\/\/www.paolacairo.eu\/web\/wp-json\/wp\/v2\/media\/254"}],"wp:attachment":[{"href":"http:\/\/www.paolacairo.eu\/web\/wp-json\/wp\/v2\/media?parent=140"}],"wp:term":[{"taxonomy":"category","embeddable":true,"href":"http:\/\/www.paolacairo.eu\/web\/wp-json\/wp\/v2\/categories?post=140"},{"taxonomy":"post_tag","embeddable":true,"href":"http:\/\/www.paolacairo.eu\/web\/wp-json\/wp\/v2\/tags?post=140"}],"curies":[{"name":"wp","href":"https:\/\/api.w.org\/{rel}","templated":true}]}}